{"id":32,"date":"2011-09-11T09:27:56","date_gmt":"2011-09-11T07:27:56","guid":{"rendered":"http:\/\/www.clayinformatique.ch\/mitic\/?p=32"},"modified":"2011-09-11T09:42:56","modified_gmt":"2011-09-11T07:42:56","slug":"films-iphoto-powerpoint","status":"publish","type":"post","link":"https:\/\/www.clayinformatique.ch\/mitic\/?p=32","title":{"rendered":"Films iPhoto &#038; PowerPoint"},"content":{"rendered":"<p><strong>Cr\u00e9er un film \u00e0 l\u2019aide de iPhoto<\/strong><\/p>\n<p><strong><\/strong>Il est possible de cr\u00e9er un film de nos photos \u00e0 l\u2019aide de iPhoto.<\/p>\n<ol>\n<li>Importer nos photos dans iPhoto<\/li>\n<li>Cr\u00e9er un album avec nos photos en s\u00e9lectionnant les photos souhait\u00e9es\u00a0: choisir le th\u00e8me, la disposition, d\u00e9placer les photos,\u2026<\/li>\n<li>Param\u00e9trer l\u2019album\u00a0: transition, dur\u00e9e, musique<\/li>\n<li>Contr\u00f4ler l\u2019album en le lisant<\/li>\n<li>Demander de partager avec iDVD (menu partage)<\/li>\n<li>Le film est alors cr\u00e9er et plac\u00e9 dans le dossier s\u00e9quence de l\u2019utilisateur<\/li>\n<li>Ouvrir le film dans QuickTime Pro et le d\u00e9couper comme souhait\u00e9.<\/li>\n<li>Enregistrer le film en s\u00e9quence autonome<\/li>\n<li>Le film ainsi cr\u00e9\u00e9 peut \u00eatre ins\u00e9rer dans un montage iMovie.<\/li>\n<\/ol>\n<p><strong>Cr\u00e9er un film \u00e0 l\u2019aide de PowerPoint<\/strong><\/p>\n<ol>\n<li>Cr\u00e9er un PowerPoint avec nos photos<\/li>\n<li>Animation, transitions, sons,\u2026<\/li>\n<li>Choisir \u00ab\u00a0Enregistrer en tant que vid\u00e9o\u2026\u00a0\u00bb du menu Fichier<\/li>\n<li>Choisir l\u2019emplacement de l\u2019enregistrement<\/li>\n<li>Le film ainsi cr\u00e9\u00e9 peut \u00eatre ins\u00e9rer dans un montage iMovie.<\/li>\n<li><a href=\"http:\/\/www.clayinformatique.ch\/mitic\/wp-content\/uploads\/2011\/09\/Fontaines-PowerPoint.mov\">Fontaines-PowerPoint<\/a><\/li>\n<\/ol>\n","protected":false},"excerpt":{"rendered":"<p>Cr\u00e9er un film \u00e0 l\u2019aide de iPhoto Il est possible de cr\u00e9er un film de nos photos \u00e0 l\u2019aide de iPhoto. Importer nos photos dans iPhoto Cr\u00e9er un album avec nos photos en s\u00e9lectionnant les photos souhait\u00e9es\u00a0: choisir le th\u00e8me, &hellip; <a href=\"https:\/\/www.clayinformatique.ch\/mitic\/?p=32\">Continuer la lecture <span class=\"meta-nav\">&rarr;<\/span><\/a><\/p>\n","protected":false},"author":1,"featured_media":0,"comment_status":"closed","ping_status":"closed","sticky":false,"template":"","format":"standard","meta":{"ngg_post_thumbnail":0,"footnotes":""},"categories":[1],"tags":[5,6,7],"class_list":["post-32","post","type-post","status-publish","format-standard","hentry","category-non-classe","tag-film","tag-iphoto","tag-powerpoint"],"_links":{"self":[{"href":"https:\/\/www.clayinformatique.ch\/mitic\/index.php?rest_route=\/wp\/v2\/posts\/32","targetHints":{"allow":["GET"]}}],"collection":[{"href":"https:\/\/www.clayinformatique.ch\/mitic\/index.php?rest_route=\/wp\/v2\/posts"}],"about":[{"href":"https:\/\/www.clayinformatique.ch\/mitic\/index.php?rest_route=\/wp\/v2\/types\/post"}],"author":[{"embeddable":true,"href":"https:\/\/www.clayinformatique.ch\/mitic\/index.php?rest_route=\/wp\/v2\/users\/1"}],"replies":[{"embeddable":true,"href":"https:\/\/www.clayinformatique.ch\/mitic\/index.php?rest_route=%2Fwp%2Fv2%2Fcomments&post=32"}],"version-history":[{"count":0,"href":"https:\/\/www.clayinformatique.ch\/mitic\/index.php?rest_route=\/wp\/v2\/posts\/32\/revisions"}],"wp:attachment":[{"href":"https:\/\/www.clayinformatique.ch\/mitic\/index.php?rest_route=%2Fwp%2Fv2%2Fmedia&parent=32"}],"wp:term":[{"taxonomy":"category","embeddable":true,"href":"https:\/\/www.clayinformatique.ch\/mitic\/index.php?rest_route=%2Fwp%2Fv2%2Fcategories&post=32"},{"taxonomy":"post_tag","embeddable":true,"href":"https:\/\/www.clayinformatique.ch\/mitic\/index.php?rest_route=%2Fwp%2Fv2%2Ftags&post=32"}],"curies":[{"name":"wp","href":"https:\/\/api.w.org\/{rel}","templated":true}]}}